{"id":1495,"date":"2024-06-11T15:57:00","date_gmt":"2024-06-11T13:57:00","guid":{"rendered":"https:\/\/www.hopegroup.it\/?p=1495"},"modified":"2025-05-08T15:58:12","modified_gmt":"2025-05-08T13:58:12","slug":"aero-al-via-laccademia-dei-talenti-per-leolico-offshore-in-collaborazione-con-elis","status":"publish","type":"post","link":"http:\/\/34.241.123.18\/en\/aero-al-via-laccademia-dei-talenti-per-leolico-offshore-in-collaborazione-con-elis\/","title":{"rendered":"AERO: AL VIA L\u2019\u201cACCADEMIA DEI TALENTI PER L\u2019EOLICO OFFSHORE\u201d IN COLLABORAZIONE CON ELIS"},"content":{"rendered":"\n<p>MICHELE SCOPPIO, CEO GRUPPO HOPE: \u201cLA DOMANDA DI FIGURE PROFESSIONALI NEL SETTORE AUMENTER\u00c0 SEMPRE DI PI\u00d9 NEI PROSSIMI ANNI\u201d<\/p>\n\n\n\n<p>\u00abLa formazione \u00e8 tra i principali valori che ispirano l\u2019attivit\u00e0 del Gruppo Hope. Il progetto di un\u2019Accademia delle Energie del Mare dedicata all\u2019eolico offshore \u00e8 fedele alla nostra missione, quella cio\u00e8 di attrarre risorse e talenti: vogliamo dare ai partecipanti l\u2019opportunit\u00e0 di rendersi protagonisti in un futuro che \u00e8 gi\u00e0 presente, di essere al passo con un mondo che crea lavoro e impresa. Chi entrer\u00e0 in Accademia non sar\u00e0 solo uno studente, ma un lavoratore a tutti gli effetti, e ricever\u00e0 un compenso sin dal primo giorno di classe per formarsi ad alti livelli. La domanda di figure professionali altamente specializzate nel settore crescer\u00e0 sempre di pi\u00f9 nei prossimi anni. Per questo come Gruppo, assieme ad altre aziende fondatrici di Aero, abbiamo deciso di sostenere e alimentare percorsi formativi efficaci, nei quali tra i docenti ci saranno anche i professionisti che lavorano nelle singole aziende\u00bb, cos\u00ec <strong>Michele Scoppio<\/strong>, Ceo del Gruppo Hope, commenta l\u2019annuncio di Aero (Associazione delle Energie Rinnovabili Offshore)&nbsp; con il quale il Presidente comunica la nascita dell\u2019Accademia delle Energie del Mare, in collaborazione con Elis, un ente non profit che promuove progetti di innovazione e formazione.&nbsp;<\/p>\n\n\n\n<p>Un programma di formazione post-laurea e post-diploma, concepito per rispondere alla crescente domanda di professionisti altamente specializzati, necessari per affrontare le crescenti esigenze del mercato eolico offshore in Italia e della filiera tecnologica italiana, il cui sviluppo \u00e8 promosso come obiettivo principale da AERO. La volont\u00e0 \u00e8 trasmettere ai professionisti del domani la fame di sapere, la passione, la voglia di scoprire un mondo nuovo ed essere innovatori in prima linea.<\/p>\n","protected":false},"excerpt":{"rendered":"<p>MICHELE SCOPPIO, CEO GRUPPO HOPE: \u201cLA DOMANDA DI FIGURE PROFESSIONALI NEL SETTORE AUMENTER\u00c0 SEMPRE DI PI\u00d9 NEI PROSSIMI ANNI\u201d \u00abLa formazione \u00e8 tra i principali valori che ispirano l\u2019attivit\u00e0 del Gruppo Hope. Il progetto di un\u2019Accademia delle Energie del Mare dedicata all\u2019eolico offshore \u00e8 fedele alla nostra missione, quella cio\u00e8 di attrarre risorse e talenti: [&hellip;]<\/p>\n","protected":false},"author":7,"featured_media":1501,"comment_status":"closed","ping_status":"closed","sticky":false,"template":"","format":"standard","meta":{"_acf_changed":false,"footnotes":""},"categories":[12],"tags":[],"acf":[],"yoast_head":"<!-- This site is optimized with the Yoast SEO plugin v23.5 - https:\/\/yoast.com\/wordpress\/plugins\/seo\/ -->\n<title>AERO: AL VIA L\u2019\u201cACCADEMIA DEI TALENTI PER L\u2019EOLICO OFFSHORE\u201d IN COLLABORAZIONE CON ELIS - Hope Group<\/title>\n<meta name=\"robots\" content=\"index, follow, max-snippet:-1, max-image-preview:large, max-video-preview:-1\" \/>\n<link rel=\"canonical\" href=\"https:\/\/www.hopegroup.it\/en\/aero-al-via-laccademia-dei-talenti-per-leolico-offshore-in-collaborazione-con-elis\/\" \/>\n<meta property=\"og:locale\" content=\"en_US\" \/>\n<meta property=\"og:type\" content=\"article\" \/>\n<meta property=\"og:title\" content=\"AERO: AL VIA L\u2019\u201cACCADEMIA DEI TALENTI PER L\u2019EOLICO OFFSHORE\u201d IN COLLABORAZIONE CON ELIS - Hope Group\" \/>\n<meta property=\"og:description\" content=\"MICHELE SCOPPIO, CEO GRUPPO HOPE: \u201cLA DOMANDA DI FIGURE PROFESSIONALI NEL SETTORE AUMENTER\u00c0 SEMPRE DI PI\u00d9 NEI PROSSIMI ANNI\u201d \u00abLa formazione \u00e8 tra i principali valori che ispirano l\u2019attivit\u00e0 del Gruppo Hope. Il progetto di un\u2019Accademia delle Energie del Mare dedicata all\u2019eolico offshore \u00e8 fedele alla nostra missione, quella cio\u00e8 di attrarre risorse e talenti: [&hellip;]\" \/>\n<meta property=\"og:url\" content=\"https:\/\/www.hopegroup.it\/en\/aero-al-via-laccademia-dei-talenti-per-leolico-offshore-in-collaborazione-con-elis\/\" \/>\n<meta property=\"og:site_name\" content=\"Hope Group\" \/>\n<meta property=\"article:published_time\" content=\"2024-06-11T13:57:00+00:00\" \/>\n<meta property=\"article:modified_time\" content=\"2025-05-08T13:58:12+00:00\" \/>\n<meta property=\"og:image\" content=\"https:\/\/www.hopegroup.it\/wp-content\/uploads\/2025\/05\/R2-copia-scaled.jpg\" \/>\n\t<meta property=\"og:image:width\" content=\"2560\" \/>\n\t<meta property=\"og:image:height\" content=\"1440\" \/>\n\t<meta property=\"og:image:type\" content=\"image\/jpeg\" \/>\n<meta name=\"author\" content=\"valeria montano\" \/>\n<meta name=\"twitter:card\" content=\"summary_large_image\" \/>\n<meta name=\"twitter:label1\" content=\"Written by\" \/>\n\t<meta name=\"twitter:data1\" content=\"valeria montano\" \/>\n\t<meta name=\"twitter:label2\" content=\"Est. reading time\" \/>\n\t<meta name=\"twitter:data2\" content=\"2 minutes\" \/>\n<script type=\"application\/ld+json\" class=\"yoast-schema-graph\">{\"@context\":\"https:\/\/schema.org\",\"@graph\":[{\"@type\":\"WebPage\",\"@id\":\"https:\/\/www.hopegroup.it\/en\/aero-al-via-laccademia-dei-talenti-per-leolico-offshore-in-collaborazione-con-elis\/\",\"url\":\"https:\/\/www.hopegroup.it\/en\/aero-al-via-laccademia-dei-talenti-per-leolico-offshore-in-collaborazione-con-elis\/\",\"name\":\"AERO: AL VIA L\u2019\u201cACCADEMIA DEI TALENTI PER L\u2019EOLICO OFFSHORE\u201d IN COLLABORAZIONE CON ELIS - Hope Group\",\"isPartOf\":{\"@id\":\"https:\/\/www.hopegroup.it\/#website\"},\"primaryImageOfPage\":{\"@id\":\"https:\/\/www.hopegroup.it\/en\/aero-al-via-laccademia-dei-talenti-per-leolico-offshore-in-collaborazione-con-elis\/#primaryimage\"},\"image\":{\"@id\":\"https:\/\/www.hopegroup.it\/en\/aero-al-via-laccademia-dei-talenti-per-leolico-offshore-in-collaborazione-con-elis\/#primaryimage\"},\"thumbnailUrl\":\"http:\/\/34.241.123.18\/wp-content\/uploads\/2025\/05\/R2-copia-scaled.jpg\",\"datePublished\":\"2024-06-11T13:57:00+00:00\",\"dateModified\":\"2025-05-08T13:58:12+00:00\",\"author\":{\"@id\":\"https:\/\/www.hopegroup.it\/#\/schema\/person\/24ab9adc16aae3c76c30a808653bf005\"},\"breadcrumb\":{\"@id\":\"https:\/\/www.hopegroup.it\/en\/aero-al-via-laccademia-dei-talenti-per-leolico-offshore-in-collaborazione-con-elis\/#breadcrumb\"},\"inLanguage\":\"en-US\",\"potentialAction\":[{\"@type\":\"ReadAction\",\"target\":[\"https:\/\/www.hopegroup.it\/en\/aero-al-via-laccademia-dei-talenti-per-leolico-offshore-in-collaborazione-con-elis\/\"]}]},{\"@type\":\"ImageObject\",\"inLanguage\":\"en-US\",\"@id\":\"https:\/\/www.hopegroup.it\/en\/aero-al-via-laccademia-dei-talenti-per-leolico-offshore-in-collaborazione-con-elis\/#primaryimage\",\"url\":\"http:\/\/34.241.123.18\/wp-content\/uploads\/2025\/05\/R2-copia-scaled.jpg\",\"contentUrl\":\"http:\/\/34.241.123.18\/wp-content\/uploads\/2025\/05\/R2-copia-scaled.jpg\",\"width\":2560,\"height\":1440},{\"@type\":\"BreadcrumbList\",\"@id\":\"https:\/\/www.hopegroup.it\/en\/aero-al-via-laccademia-dei-talenti-per-leolico-offshore-in-collaborazione-con-elis\/#breadcrumb\",\"itemListElement\":[{\"@type\":\"ListItem\",\"position\":1,\"name\":\"Home\",\"item\":\"https:\/\/www.hopegroup.it\/en\/\"},{\"@type\":\"ListItem\",\"position\":2,\"name\":\"AERO: AL VIA L\u2019\u201cACCADEMIA DEI TALENTI PER L\u2019EOLICO OFFSHORE\u201d IN COLLABORAZIONE CON ELIS\"}]},{\"@type\":\"WebSite\",\"@id\":\"https:\/\/www.hopegroup.it\/#website\",\"url\":\"https:\/\/www.hopegroup.it\/\",\"name\":\"Hope Group\",\"description\":\"Hydrogen of people\",\"potentialAction\":[{\"@type\":\"SearchAction\",\"target\":{\"@type\":\"EntryPoint\",\"urlTemplate\":\"https:\/\/www.hopegroup.it\/?s={search_term_string}\"},\"query-input\":{\"@type\":\"PropertyValueSpecification\",\"valueRequired\":true,\"valueName\":\"search_term_string\"}}],\"inLanguage\":\"en-US\"},{\"@type\":\"Person\",\"@id\":\"https:\/\/www.hopegroup.it\/#\/schema\/person\/24ab9adc16aae3c76c30a808653bf005\",\"name\":\"valeria montano\",\"image\":{\"@type\":\"ImageObject\",\"inLanguage\":\"en-US\",\"@id\":\"https:\/\/www.hopegroup.it\/#\/schema\/person\/image\/\",\"url\":\"http:\/\/2.gravatar.com\/avatar\/2cb46fc4c42d1bae97164847c8e13ac4?s=96&d=mm&r=g\",\"contentUrl\":\"http:\/\/2.gravatar.com\/avatar\/2cb46fc4c42d1bae97164847c8e13ac4?s=96&d=mm&r=g\",\"caption\":\"valeria montano\"},\"url\":\"http:\/\/34.241.123.18\/en\/author\/valeria\/\"}]}<\/script>\n<!-- \/ Yoast SEO plugin. -->","yoast_head_json":{"title":"AERO: AL VIA L\u2019\u201cACCADEMIA DEI TALENTI PER L\u2019EOLICO OFFSHORE\u201d IN COLLABORAZIONE CON ELIS - Hope Group","robots":{"index":"index","follow":"follow","max-snippet":"max-snippet:-1","max-image-preview":"max-image-preview:large","max-video-preview":"max-video-preview:-1"},"canonical":"https:\/\/www.hopegroup.it\/en\/aero-al-via-laccademia-dei-talenti-per-leolico-offshore-in-collaborazione-con-elis\/","og_locale":"en_US","og_type":"article","og_title":"AERO: AL VIA L\u2019\u201cACCADEMIA DEI TALENTI PER L\u2019EOLICO OFFSHORE\u201d IN COLLABORAZIONE CON ELIS - Hope Group","og_description":"MICHELE SCOPPIO, CEO GRUPPO HOPE: \u201cLA DOMANDA DI FIGURE PROFESSIONALI NEL SETTORE AUMENTER\u00c0 SEMPRE DI PI\u00d9 NEI PROSSIMI ANNI\u201d \u00abLa formazione \u00e8 tra i principali valori che ispirano l\u2019attivit\u00e0 del Gruppo Hope. Il progetto di un\u2019Accademia delle Energie del Mare dedicata all\u2019eolico offshore \u00e8 fedele alla nostra missione, quella cio\u00e8 di attrarre risorse e talenti: [&hellip;]","og_url":"https:\/\/www.hopegroup.it\/en\/aero-al-via-laccademia-dei-talenti-per-leolico-offshore-in-collaborazione-con-elis\/","og_site_name":"Hope Group","article_published_time":"2024-06-11T13:57:00+00:00","article_modified_time":"2025-05-08T13:58:12+00:00","og_image":[{"width":2560,"height":1440,"url":"https:\/\/www.hopegroup.it\/wp-content\/uploads\/2025\/05\/R2-copia-scaled.jpg","type":"image\/jpeg"}],"author":"valeria montano","twitter_card":"summary_large_image","twitter_misc":{"Written by":"valeria montano","Est. reading time":"2 minutes"},"schema":{"@context":"https:\/\/schema.org","@graph":[{"@type":"WebPage","@id":"https:\/\/www.hopegroup.it\/en\/aero-al-via-laccademia-dei-talenti-per-leolico-offshore-in-collaborazione-con-elis\/","url":"https:\/\/www.hopegroup.it\/en\/aero-al-via-laccademia-dei-talenti-per-leolico-offshore-in-collaborazione-con-elis\/","name":"AERO: AL VIA L\u2019\u201cACCADEMIA DEI TALENTI PER L\u2019EOLICO OFFSHORE\u201d IN COLLABORAZIONE CON ELIS - Hope Group","isPartOf":{"@id":"https:\/\/www.hopegroup.it\/#website"},"primaryImageOfPage":{"@id":"https:\/\/www.hopegroup.it\/en\/aero-al-via-laccademia-dei-talenti-per-leolico-offshore-in-collaborazione-con-elis\/#primaryimage"},"image":{"@id":"https:\/\/www.hopegroup.it\/en\/aero-al-via-laccademia-dei-talenti-per-leolico-offshore-in-collaborazione-con-elis\/#primaryimage"},"thumbnailUrl":"http:\/\/34.241.123.18\/wp-content\/uploads\/2025\/05\/R2-copia-scaled.jpg","datePublished":"2024-06-11T13:57:00+00:00","dateModified":"2025-05-08T13:58:12+00:00","author":{"@id":"https:\/\/www.hopegroup.it\/#\/schema\/person\/24ab9adc16aae3c76c30a808653bf005"},"breadcrumb":{"@id":"https:\/\/www.hopegroup.it\/en\/aero-al-via-laccademia-dei-talenti-per-leolico-offshore-in-collaborazione-con-elis\/#breadcrumb"},"inLanguage":"en-US","potentialAction":[{"@type":"ReadAction","target":["https:\/\/www.hopegroup.it\/en\/aero-al-via-laccademia-dei-talenti-per-leolico-offshore-in-collaborazione-con-elis\/"]}]},{"@type":"ImageObject","inLanguage":"en-US","@id":"https:\/\/www.hopegroup.it\/en\/aero-al-via-laccademia-dei-talenti-per-leolico-offshore-in-collaborazione-con-elis\/#primaryimage","url":"http:\/\/34.241.123.18\/wp-content\/uploads\/2025\/05\/R2-copia-scaled.jpg","contentUrl":"http:\/\/34.241.123.18\/wp-content\/uploads\/2025\/05\/R2-copia-scaled.jpg","width":2560,"height":1440},{"@type":"BreadcrumbList","@id":"https:\/\/www.hopegroup.it\/en\/aero-al-via-laccademia-dei-talenti-per-leolico-offshore-in-collaborazione-con-elis\/#breadcrumb","itemListElement":[{"@type":"ListItem","position":1,"name":"Home","item":"https:\/\/www.hopegroup.it\/en\/"},{"@type":"ListItem","position":2,"name":"AERO: AL VIA L\u2019\u201cACCADEMIA DEI TALENTI PER L\u2019EOLICO OFFSHORE\u201d IN COLLABORAZIONE CON ELIS"}]},{"@type":"WebSite","@id":"https:\/\/www.hopegroup.it\/#website","url":"https:\/\/www.hopegroup.it\/","name":"Hope Group","description":"Hydrogen of people","potentialAction":[{"@type":"SearchAction","target":{"@type":"EntryPoint","urlTemplate":"https:\/\/www.hopegroup.it\/?s={search_term_string}"},"query-input":{"@type":"PropertyValueSpecification","valueRequired":true,"valueName":"search_term_string"}}],"inLanguage":"en-US"},{"@type":"Person","@id":"https:\/\/www.hopegroup.it\/#\/schema\/person\/24ab9adc16aae3c76c30a808653bf005","name":"valeria montano","image":{"@type":"ImageObject","inLanguage":"en-US","@id":"https:\/\/www.hopegroup.it\/#\/schema\/person\/image\/","url":"http:\/\/2.gravatar.com\/avatar\/2cb46fc4c42d1bae97164847c8e13ac4?s=96&d=mm&r=g","contentUrl":"http:\/\/2.gravatar.com\/avatar\/2cb46fc4c42d1bae97164847c8e13ac4?s=96&d=mm&r=g","caption":"valeria montano"},"url":"http:\/\/34.241.123.18\/en\/author\/valeria\/"}]}},"_links":{"self":[{"href":"http:\/\/34.241.123.18\/en\/wp-json\/wp\/v2\/posts\/1495"}],"collection":[{"href":"http:\/\/34.241.123.18\/en\/wp-json\/wp\/v2\/posts"}],"about":[{"href":"http:\/\/34.241.123.18\/en\/wp-json\/wp\/v2\/types\/post"}],"author":[{"embeddable":true,"href":"http:\/\/34.241.123.18\/en\/wp-json\/wp\/v2\/users\/7"}],"replies":[{"embeddable":true,"href":"http:\/\/34.241.123.18\/en\/wp-json\/wp\/v2\/comments?post=1495"}],"version-history":[{"count":1,"href":"http:\/\/34.241.123.18\/en\/wp-json\/wp\/v2\/posts\/1495\/revisions"}],"predecessor-version":[{"id":1503,"href":"http:\/\/34.241.123.18\/en\/wp-json\/wp\/v2\/posts\/1495\/revisions\/1503"}],"wp:featuredmedia":[{"embeddable":true,"href":"http:\/\/34.241.123.18\/en\/wp-json\/wp\/v2\/media\/1501"}],"wp:attachment":[{"href":"http:\/\/34.241.123.18\/en\/wp-json\/wp\/v2\/media?parent=1495"}],"wp:term":[{"taxonomy":"category","embeddable":true,"href":"http:\/\/34.241.123.18\/en\/wp-json\/wp\/v2\/categories?post=1495"},{"taxonomy":"post_tag","embeddable":true,"href":"http:\/\/34.241.123.18\/en\/wp-json\/wp\/v2\/tags?post=1495"}],"curies":[{"name":"wp","href":"https:\/\/api.w.org\/{rel}","templated":true}]}}