{"id":614,"date":"2022-10-14T16:00:00","date_gmt":"2022-10-14T14:00:00","guid":{"rendered":"https:\/\/www.hopegroup.it\/?p=614"},"modified":"2022-10-17T18:30:49","modified_gmt":"2022-10-17T16:30:49","slug":"cresce-lattesa-per-limportante-convegno-di-martedi-18-ottobre-quattro-panel-con-relatori-di-primordine","status":"publish","type":"post","link":"http:\/\/34.241.123.18\/en\/cresce-lattesa-per-limportante-convegno-di-martedi-18-ottobre-quattro-panel-con-relatori-di-primordine\/","title":{"rendered":"Cresce l\u2019attesa per l\u2019importante convegno di marted\u00ec 18 ottobre. Quattro panel con relatori di prim\u2019ordine."},"content":{"rendered":"\n<p>Cresce l\u2019attesa per l\u2019importante convegno sui temi della <strong>transizione ecologica ed energetica<\/strong> voluto dalla <strong>Regione Puglia<\/strong> in collaborazione con il <strong>Gruppo Hope<\/strong>. L\u2019appuntamento si svolger\u00e0 <strong>marted\u00ec 18 ottobre<\/strong> <strong>a partire dalle ore 9<\/strong>, nel padiglione della Regione presso la <strong>Fiera del Levante<\/strong>. Sono ben quattro i <strong>panel di discussione<\/strong>, con relatori qualificatissimi, che si snoderanno per l\u2019intera mattinata e il primo pomeriggio.<\/p>\n\n\n\n<p>Tema di esordio, con inizio alle <strong>9,30, <\/strong>la <strong><em>\u00abCrisi e indipendenza energetica del Paese e la crescente importanza del bacino del Mediterraneo e della regione dei Balcani\u00bb<\/em><\/strong>. Un tema di grande importanza e attualit\u00e0 su cui si confronteranno il <strong>Magnifico Rettore del Politecnico di Bari, Francesco Cupertino<\/strong>, <strong>Eleonora Petrarca, Head of Business Development di Enel, <\/strong><strong>Domenico Marinelli, Head of Project Development<\/strong><strong> EDP Renewables, Fabio Tambone, responsabile Relazioni Esterne Internazionale di ARERA, Alberto Jr Pela, Relazioni Internazionali GSE \u2013 Gestore Servizi Elettrici Spa.<\/strong><\/p>\n\n\n\n<p>Alle <strong>10,30<\/strong> lo scacchiere economico e geopolitico affrontato nel primo panel si allargher\u00e0 all\u2019intero pianeta. Si parler\u00e0 infatti di <strong>\u00ab<em>Cambiamenti climatici<\/em>\u00bb<\/strong> con il <strong>presidente regionale di Legambiente Ruggero Ronzulli, Donato Macchia, amministratore dell\u2019omonimo Gruppo<\/strong> leader delle rinnovabili in <strong>Basilicata<\/strong> e <strong>Fabio Bulgarelli,&nbsp; responsabile Affari Regolatori di Terna<\/strong>.<\/p>\n\n\n\n<p>Prender\u00e0 il via alle <strong>11,30<\/strong>, subito dopo il <em>coffee break<\/em>, il terzo momento di confronto, su un tema cruciale come quello delle <strong><em>\u00abProfessionalit\u00e0 richieste e riconversione del mondo del lavoro\u00bb<\/em><\/strong>, cui prenderanno parte <strong>Francesco Amati, general manager per Italia e Turchia di Vestas<\/strong>, l\u2019azienda danese che progetta, produce e installa turbine eoliche, <strong>Giuseppe Mastropieri, membro del Consiglio Generale di Elettricit\u00e0 Futura<\/strong>, la principale associazione del mondo elettrico italiano, <strong>Michele Crudele, direttore del Collegio Universitario di Merito Ipe Poggiolevante di Bari<\/strong>, gi\u00e0 <strong>direttore del Centro Elis (Educazione, Lavoro, Istruzione, Sport) di Roma<\/strong>, che nel suo intervento descriver\u00e0 le attivit\u00e0 e le finalit\u00e0 dell&#8217;Alta Scuola Internazionale Residenziale per Innovatori Digitali, ASIRID,&nbsp;i cui studenti si formano alla sensibilit\u00e0 ambientale anche attraverso l&#8217;approfondimento tecnico e <strong>Luigi Maria Andreazza<\/strong> e <strong>Anna Grazia De Marzo<\/strong>, rispettivamente <strong>coordinatore Corso Transizione Ecologica e Digitale<\/strong> e <strong>Dirigente Scolastico<\/strong> del <strong>Liceo \u00abMargherita Hack\u00bb<\/strong> di <strong>Bari<\/strong>.<\/p>\n\n\n\n<p>Dopo la presentazione e la premiazione dei corti vincitori del contest video bandito da <strong>Hope Group e Fidelio <\/strong><em>(da sottolineare anche la possibilit\u00e0 di vivere, a richiesta, l\u2019esperienza immersiva in realt\u00e0 virtuale dedicata al progetto di parco eolico offshore e centrale a idrogeno <strong>\u00abBarium Bay\u00bb<\/strong>)<\/em>, alle <strong>14<\/strong> ci sar\u00e0 l\u2019ultimo segmento di discussione, dedicato alle <strong><em>\u00abOpportunit\u00e0 di investimento e di co-investimento nel Mezzogiorno\u00bb<\/em><\/strong>, nel quale interverranno <strong>Nicola di Agostino, Portfolio Director Lime Energia (A portfolio company within the ICON Infrastructre Group), Gianluca Calciani<\/strong>, <strong>CEO di EMC \u2013 Energy Management and Consulting Srl.<\/strong> il cui intervento sar\u00e0 incentrato sulla generazione di valore e gestione dei rischi degli investimenti nelle fonti rinnovabili e nei settori ambientali in contesti di elevata volatilit\u00e0 di mercato, con focus sul territorio Pugliese, <strong>Alessandro Steffanoni, Senior Corporate Banker&nbsp; . Energy- CIB Division Intesa San Paolo, Cecile Luciano, Associate Director Norddeutsche Landesbank, <\/strong>che illustrer\u00e0 il punto di vista di una banca internazionale sullo sviluppo del rinnovabile in Italia, in particolare sul tema riguardante la scelta della tariffa e\/o PPA, <strong>Carlo Anzillotti, Responsabile Relazioni Business Imprese Sud di Cassa Depositi e Prestiti<\/strong>, <strong>Lupo Leonardi, Vice President del team di investimento di Clean Energy di Capital Dynamics, <\/strong>il cui intervento fornir\u00e0 il punto di vista di un attore internazionale con un ruolo di primo piano nello sviluppo degli impianti rinnovabili in Italia<strong>, il presidente dell\u2019Acquedotto Pugliese Domenico Laforgia.<\/strong> I lavori saranno conclusi dall\u2019intervento dell\u2019<strong>assessore allo Sviluppo Economico<\/strong> della Regione Puglia, <strong>Alessandro Delli Noci<\/strong>.<\/p>\n","protected":false},"excerpt":{"rendered":"<p>Cresce l\u2019attesa per l\u2019importante convegno sui temi della transizione ecologica ed energetica voluto dalla Regione Puglia in collaborazione con il Gruppo Hope. L\u2019appuntamento si svolger\u00e0 marted\u00ec 18 ottobre a partire dalle ore 9, nel padiglione della Regione presso la Fiera del Levante. Sono ben quattro i panel di discussione, con relatori qualificatissimi, che si snoderanno [&hellip;]<\/p>\n","protected":false},"author":4,"featured_media":658,"comment_status":"open","ping_status":"open","sticky":false,"template":"","format":"standard","meta":{"_acf_changed":false,"footnotes":""},"categories":[12],"tags":[],"acf":[],"yoast_head":"<!-- This site is optimized with the Yoast SEO plugin v23.5 - https:\/\/yoast.com\/wordpress\/plugins\/seo\/ -->\n<title>Cresce l\u2019attesa per l\u2019importante convegno di marted\u00ec 18 ottobre. Quattro panel con relatori di prim\u2019ordine. - Hope Group<\/title>\n<meta name=\"robots\" content=\"index, follow, max-snippet:-1, max-image-preview:large, max-video-preview:-1\" \/>\n<link rel=\"canonical\" href=\"https:\/\/www.hopegroup.it\/cresce-lattesa-per-limportante-convegno-di-martedi-18-ottobre-quattro-panel-con-relatori-di-primordine\/\" \/>\n<meta property=\"og:locale\" content=\"en_US\" \/>\n<meta property=\"og:type\" content=\"article\" \/>\n<meta property=\"og:title\" content=\"Cresce l\u2019attesa per l\u2019importante convegno di marted\u00ec 18 ottobre. Quattro panel con relatori di prim\u2019ordine. - Hope Group\" \/>\n<meta property=\"og:description\" content=\"Cresce l\u2019attesa per l\u2019importante convegno sui temi della transizione ecologica ed energetica voluto dalla Regione Puglia in collaborazione con il Gruppo Hope. L\u2019appuntamento si svolger\u00e0 marted\u00ec 18 ottobre a partire dalle ore 9, nel padiglione della Regione presso la Fiera del Levante. Sono ben quattro i panel di discussione, con relatori qualificatissimi, che si snoderanno [&hellip;]\" \/>\n<meta property=\"og:url\" content=\"https:\/\/www.hopegroup.it\/cresce-lattesa-per-limportante-convegno-di-martedi-18-ottobre-quattro-panel-con-relatori-di-primordine\/\" \/>\n<meta property=\"og:site_name\" content=\"Hope Group\" \/>\n<meta property=\"article:published_time\" content=\"2022-10-14T14:00:00+00:00\" \/>\n<meta property=\"article:modified_time\" content=\"2022-10-17T16:30:49+00:00\" \/>\n<meta property=\"og:image\" content=\"https:\/\/www.hopegroup.it\/wp-content\/uploads\/2022\/10\/Cecile-Luciano-nome-2.png\" \/>\n\t<meta property=\"og:image:width\" content=\"1018\" \/>\n\t<meta property=\"og:image:height\" content=\"1059\" \/>\n\t<meta property=\"og:image:type\" content=\"image\/png\" \/>\n<meta name=\"author\" content=\"Francesca Saccarola\" \/>\n<meta name=\"twitter:card\" content=\"summary_large_image\" \/>\n<meta name=\"twitter:label1\" content=\"Written by\" \/>\n\t<meta name=\"twitter:data1\" content=\"Francesca Saccarola\" \/>\n\t<meta name=\"twitter:label2\" content=\"Est. reading time\" \/>\n\t<meta name=\"twitter:data2\" content=\"4 minutes\" \/>\n<script type=\"application\/ld+json\" class=\"yoast-schema-graph\">{\"@context\":\"https:\/\/schema.org\",\"@graph\":[{\"@type\":\"WebPage\",\"@id\":\"https:\/\/www.hopegroup.it\/cresce-lattesa-per-limportante-convegno-di-martedi-18-ottobre-quattro-panel-con-relatori-di-primordine\/\",\"url\":\"https:\/\/www.hopegroup.it\/cresce-lattesa-per-limportante-convegno-di-martedi-18-ottobre-quattro-panel-con-relatori-di-primordine\/\",\"name\":\"Cresce l\u2019attesa per l\u2019importante convegno di marted\u00ec 18 ottobre. Quattro panel con relatori di prim\u2019ordine. - Hope Group\",\"isPartOf\":{\"@id\":\"https:\/\/www.hopegroup.it\/#website\"},\"primaryImageOfPage\":{\"@id\":\"https:\/\/www.hopegroup.it\/cresce-lattesa-per-limportante-convegno-di-martedi-18-ottobre-quattro-panel-con-relatori-di-primordine\/#primaryimage\"},\"image\":{\"@id\":\"https:\/\/www.hopegroup.it\/cresce-lattesa-per-limportante-convegno-di-martedi-18-ottobre-quattro-panel-con-relatori-di-primordine\/#primaryimage\"},\"thumbnailUrl\":\"http:\/\/34.241.123.18\/wp-content\/uploads\/2022\/10\/Cecile-Luciano-nome-2.png\",\"datePublished\":\"2022-10-14T14:00:00+00:00\",\"dateModified\":\"2022-10-17T16:30:49+00:00\",\"author\":{\"@id\":\"https:\/\/www.hopegroup.it\/#\/schema\/person\/df181601135a966c261a2e9d8e910097\"},\"breadcrumb\":{\"@id\":\"https:\/\/www.hopegroup.it\/cresce-lattesa-per-limportante-convegno-di-martedi-18-ottobre-quattro-panel-con-relatori-di-primordine\/#breadcrumb\"},\"inLanguage\":\"en-US\",\"potentialAction\":[{\"@type\":\"ReadAction\",\"target\":[\"https:\/\/www.hopegroup.it\/cresce-lattesa-per-limportante-convegno-di-martedi-18-ottobre-quattro-panel-con-relatori-di-primordine\/\"]}]},{\"@type\":\"ImageObject\",\"inLanguage\":\"en-US\",\"@id\":\"https:\/\/www.hopegroup.it\/cresce-lattesa-per-limportante-convegno-di-martedi-18-ottobre-quattro-panel-con-relatori-di-primordine\/#primaryimage\",\"url\":\"http:\/\/34.241.123.18\/wp-content\/uploads\/2022\/10\/Cecile-Luciano-nome-2.png\",\"contentUrl\":\"http:\/\/34.241.123.18\/wp-content\/uploads\/2022\/10\/Cecile-Luciano-nome-2.png\",\"width\":1018,\"height\":1059},{\"@type\":\"BreadcrumbList\",\"@id\":\"https:\/\/www.hopegroup.it\/cresce-lattesa-per-limportante-convegno-di-martedi-18-ottobre-quattro-panel-con-relatori-di-primordine\/#breadcrumb\",\"itemListElement\":[{\"@type\":\"ListItem\",\"position\":1,\"name\":\"Home\",\"item\":\"https:\/\/www.hopegroup.it\/en\/\"},{\"@type\":\"ListItem\",\"position\":2,\"name\":\"Cresce l\u2019attesa per l\u2019importante convegno di marted\u00ec 18 ottobre. Quattro panel con relatori di prim\u2019ordine.\"}]},{\"@type\":\"WebSite\",\"@id\":\"https:\/\/www.hopegroup.it\/#website\",\"url\":\"https:\/\/www.hopegroup.it\/\",\"name\":\"Hope Group\",\"description\":\"Hydrogen of people\",\"potentialAction\":[{\"@type\":\"SearchAction\",\"target\":{\"@type\":\"EntryPoint\",\"urlTemplate\":\"https:\/\/www.hopegroup.it\/?s={search_term_string}\"},\"query-input\":{\"@type\":\"PropertyValueSpecification\",\"valueRequired\":true,\"valueName\":\"search_term_string\"}}],\"inLanguage\":\"en-US\"},{\"@type\":\"Person\",\"@id\":\"https:\/\/www.hopegroup.it\/#\/schema\/person\/df181601135a966c261a2e9d8e910097\",\"name\":\"Francesca Saccarola\",\"image\":{\"@type\":\"ImageObject\",\"inLanguage\":\"en-US\",\"@id\":\"https:\/\/www.hopegroup.it\/#\/schema\/person\/image\/\",\"url\":\"http:\/\/0.gravatar.com\/avatar\/f36fe14839b1c877712f9679b02a2e35?s=96&d=mm&r=g\",\"contentUrl\":\"http:\/\/0.gravatar.com\/avatar\/f36fe14839b1c877712f9679b02a2e35?s=96&d=mm&r=g\",\"caption\":\"Francesca Saccarola\"},\"url\":\"http:\/\/34.241.123.18\/en\/author\/francesca-saccarola\/\"}]}<\/script>\n<!-- \/ Yoast SEO plugin. -->","yoast_head_json":{"title":"Cresce l\u2019attesa per l\u2019importante convegno di marted\u00ec 18 ottobre. Quattro panel con relatori di prim\u2019ordine. - Hope Group","robots":{"index":"index","follow":"follow","max-snippet":"max-snippet:-1","max-image-preview":"max-image-preview:large","max-video-preview":"max-video-preview:-1"},"canonical":"https:\/\/www.hopegroup.it\/cresce-lattesa-per-limportante-convegno-di-martedi-18-ottobre-quattro-panel-con-relatori-di-primordine\/","og_locale":"en_US","og_type":"article","og_title":"Cresce l\u2019attesa per l\u2019importante convegno di marted\u00ec 18 ottobre. Quattro panel con relatori di prim\u2019ordine. - Hope Group","og_description":"Cresce l\u2019attesa per l\u2019importante convegno sui temi della transizione ecologica ed energetica voluto dalla Regione Puglia in collaborazione con il Gruppo Hope. L\u2019appuntamento si svolger\u00e0 marted\u00ec 18 ottobre a partire dalle ore 9, nel padiglione della Regione presso la Fiera del Levante. Sono ben quattro i panel di discussione, con relatori qualificatissimi, che si snoderanno [&hellip;]","og_url":"https:\/\/www.hopegroup.it\/cresce-lattesa-per-limportante-convegno-di-martedi-18-ottobre-quattro-panel-con-relatori-di-primordine\/","og_site_name":"Hope Group","article_published_time":"2022-10-14T14:00:00+00:00","article_modified_time":"2022-10-17T16:30:49+00:00","og_image":[{"width":1018,"height":1059,"url":"https:\/\/www.hopegroup.it\/wp-content\/uploads\/2022\/10\/Cecile-Luciano-nome-2.png","type":"image\/png"}],"author":"Francesca Saccarola","twitter_card":"summary_large_image","twitter_misc":{"Written by":"Francesca Saccarola","Est. reading time":"4 minutes"},"schema":{"@context":"https:\/\/schema.org","@graph":[{"@type":"WebPage","@id":"https:\/\/www.hopegroup.it\/cresce-lattesa-per-limportante-convegno-di-martedi-18-ottobre-quattro-panel-con-relatori-di-primordine\/","url":"https:\/\/www.hopegroup.it\/cresce-lattesa-per-limportante-convegno-di-martedi-18-ottobre-quattro-panel-con-relatori-di-primordine\/","name":"Cresce l\u2019attesa per l\u2019importante convegno di marted\u00ec 18 ottobre. Quattro panel con relatori di prim\u2019ordine. - Hope Group","isPartOf":{"@id":"https:\/\/www.hopegroup.it\/#website"},"primaryImageOfPage":{"@id":"https:\/\/www.hopegroup.it\/cresce-lattesa-per-limportante-convegno-di-martedi-18-ottobre-quattro-panel-con-relatori-di-primordine\/#primaryimage"},"image":{"@id":"https:\/\/www.hopegroup.it\/cresce-lattesa-per-limportante-convegno-di-martedi-18-ottobre-quattro-panel-con-relatori-di-primordine\/#primaryimage"},"thumbnailUrl":"http:\/\/34.241.123.18\/wp-content\/uploads\/2022\/10\/Cecile-Luciano-nome-2.png","datePublished":"2022-10-14T14:00:00+00:00","dateModified":"2022-10-17T16:30:49+00:00","author":{"@id":"https:\/\/www.hopegroup.it\/#\/schema\/person\/df181601135a966c261a2e9d8e910097"},"breadcrumb":{"@id":"https:\/\/www.hopegroup.it\/cresce-lattesa-per-limportante-convegno-di-martedi-18-ottobre-quattro-panel-con-relatori-di-primordine\/#breadcrumb"},"inLanguage":"en-US","potentialAction":[{"@type":"ReadAction","target":["https:\/\/www.hopegroup.it\/cresce-lattesa-per-limportante-convegno-di-martedi-18-ottobre-quattro-panel-con-relatori-di-primordine\/"]}]},{"@type":"ImageObject","inLanguage":"en-US","@id":"https:\/\/www.hopegroup.it\/cresce-lattesa-per-limportante-convegno-di-martedi-18-ottobre-quattro-panel-con-relatori-di-primordine\/#primaryimage","url":"http:\/\/34.241.123.18\/wp-content\/uploads\/2022\/10\/Cecile-Luciano-nome-2.png","contentUrl":"http:\/\/34.241.123.18\/wp-content\/uploads\/2022\/10\/Cecile-Luciano-nome-2.png","width":1018,"height":1059},{"@type":"BreadcrumbList","@id":"https:\/\/www.hopegroup.it\/cresce-lattesa-per-limportante-convegno-di-martedi-18-ottobre-quattro-panel-con-relatori-di-primordine\/#breadcrumb","itemListElement":[{"@type":"ListItem","position":1,"name":"Home","item":"https:\/\/www.hopegroup.it\/en\/"},{"@type":"ListItem","position":2,"name":"Cresce l\u2019attesa per l\u2019importante convegno di marted\u00ec 18 ottobre. Quattro panel con relatori di prim\u2019ordine."}]},{"@type":"WebSite","@id":"https:\/\/www.hopegroup.it\/#website","url":"https:\/\/www.hopegroup.it\/","name":"Hope Group","description":"Hydrogen of people","potentialAction":[{"@type":"SearchAction","target":{"@type":"EntryPoint","urlTemplate":"https:\/\/www.hopegroup.it\/?s={search_term_string}"},"query-input":{"@type":"PropertyValueSpecification","valueRequired":true,"valueName":"search_term_string"}}],"inLanguage":"en-US"},{"@type":"Person","@id":"https:\/\/www.hopegroup.it\/#\/schema\/person\/df181601135a966c261a2e9d8e910097","name":"Francesca Saccarola","image":{"@type":"ImageObject","inLanguage":"en-US","@id":"https:\/\/www.hopegroup.it\/#\/schema\/person\/image\/","url":"http:\/\/0.gravatar.com\/avatar\/f36fe14839b1c877712f9679b02a2e35?s=96&d=mm&r=g","contentUrl":"http:\/\/0.gravatar.com\/avatar\/f36fe14839b1c877712f9679b02a2e35?s=96&d=mm&r=g","caption":"Francesca Saccarola"},"url":"http:\/\/34.241.123.18\/en\/author\/francesca-saccarola\/"}]}},"_links":{"self":[{"href":"http:\/\/34.241.123.18\/en\/wp-json\/wp\/v2\/posts\/614"}],"collection":[{"href":"http:\/\/34.241.123.18\/en\/wp-json\/wp\/v2\/posts"}],"about":[{"href":"http:\/\/34.241.123.18\/en\/wp-json\/wp\/v2\/types\/post"}],"author":[{"embeddable":true,"href":"http:\/\/34.241.123.18\/en\/wp-json\/wp\/v2\/users\/4"}],"replies":[{"embeddable":true,"href":"http:\/\/34.241.123.18\/en\/wp-json\/wp\/v2\/comments?post=614"}],"version-history":[{"count":1,"href":"http:\/\/34.241.123.18\/en\/wp-json\/wp\/v2\/posts\/614\/revisions"}],"predecessor-version":[{"id":617,"href":"http:\/\/34.241.123.18\/en\/wp-json\/wp\/v2\/posts\/614\/revisions\/617"}],"wp:featuredmedia":[{"embeddable":true,"href":"http:\/\/34.241.123.18\/en\/wp-json\/wp\/v2\/media\/658"}],"wp:attachment":[{"href":"http:\/\/34.241.123.18\/en\/wp-json\/wp\/v2\/media?parent=614"}],"wp:term":[{"taxonomy":"category","embeddable":true,"href":"http:\/\/34.241.123.18\/en\/wp-json\/wp\/v2\/categories?post=614"},{"taxonomy":"post_tag","embeddable":true,"href":"http:\/\/34.241.123.18\/en\/wp-json\/wp\/v2\/tags?post=614"}],"curies":[{"name":"wp","href":"https:\/\/api.w.org\/{rel}","templated":true}]}}